{"id":15353,"date":"2016-04-02T10:54:22","date_gmt":"2016-04-02T08:54:22","guid":{"rendered":"https:\/\/barakacirc.com\/?p=15353"},"modified":"2016-07-26T10:57:06","modified_gmt":"2016-07-26T08:57:06","slug":"erasmus-k1-apec-visual-heart","status":"publish","type":"post","link":"https:\/\/barakacirc.com\/es\/erasmus-k1-apec-visual-heart\/","title":{"rendered":"Erasmus+, K1. Apec Visual Heart"},"content":{"rendered":"<p>Entre los d\u00edas 14 y 22 de marzo se desarroll\u00f3 en Vinkovci, Croacia, el Youth Exchange Visual heArts.<\/p>\n<p>En \u00e9l se desarroll\u00f3 el autoconocimiento y crecimiento personal a trav\u00e9s de diferentes expresiones art\u00edsticas y din\u00e1micas basadas en la educaci\u00f3n no formal.<\/p>\n<p><strong><img loading=\"lazy\" decoding=\"async\" class=\"alignleft wp-image-15356 size-full\" src=\"https:\/\/barakacirc.com\/wp-content\/uploads\/2016\/07\/Visual-heArts-para-m_-Alvaro_5.jpg\" alt=\"Visual-heArts-para-m_-Alvaro_5\" width=\"480\" height=\"270\" srcset=\"https:\/\/barakacirc.com\/wp-content\/uploads\/2016\/07\/Visual-heArts-para-m_-Alvaro_5.jpg 480w, https:\/\/barakacirc.com\/wp-content\/uploads\/2016\/07\/Visual-heArts-para-m_-Alvaro_5-300x169.jpg 300w\" sizes=\"auto, (max-width: 480px) 100vw, 480px\" \/>A continuaci\u00f3n unos breves testimonios del grupo espa\u00f1ol:<\/strong><\/p>\n<p><em>El proyecto Visual heArts para m\u00ed es una buen\u00edsima oportunidad para conocerte a ti mismo y a las dem\u00e1s personas de una manera a la que no estamos acostumbrados: el arte y la expresividad.<\/em><\/p>\n<p><em>Me ha ayudado a tener una nueva visi\u00f3n de lo que me rodea y a descubrir en qu\u00e9 punto de mi vida me encuentro.<\/em><\/p>\n<p><em>Viajar, compartir costumbres y culturas, y divertirte experimentando cosas nuevas es la mejor manera de borrar prejuicios y crear lazos.<\/em><\/p>\n<p><em>Junt@s y separad@s a la vez, es maravilloso el poder tener tu propio espacio, donde puedes ser libre, y al mismo tiempo estar rodeado de personas que te apoyan y te dan su energ\u00eda, saber que aun cuando est\u00e1s perdid@ en tus pensamientos no est\u00e1s sol@.<\/em><\/p>\n<p><em>Gracias de coraz\u00f3n a los organizadores del proyecto por todo lo vivido \ud83d\ude42<\/em><\/p>\n<p><strong>\u00c1lvaro Torrecilla.<\/strong><\/p>\n<p><em><img loading=\"lazy\" decoding=\"async\" class=\"wp-image-15355 size-full alignright\" src=\"https:\/\/barakacirc.com\/wp-content\/uploads\/2016\/07\/Visual-heArts-para-m_-Alvaro3.jpg\" alt=\"Visual-heArts-para-m_-Alvaro3\" width=\"400\" height=\"300\" srcset=\"https:\/\/barakacirc.com\/wp-content\/uploads\/2016\/07\/Visual-heArts-para-m_-Alvaro3.jpg 400w, https:\/\/barakacirc.com\/wp-content\/uploads\/2016\/07\/Visual-heArts-para-m_-Alvaro3-300x225.jpg 300w\" sizes=\"auto, (max-width: 400px) 100vw, 400px\" \/>El proyecto de Erasmus Plus Visual HeArts, ha sido una experiencia muy positiva para m\u00ed.<\/em><\/p>\n<p><em>Ha sido un proceso con el que me he podido socializar en otra lengua, conocer gente maravillosa que me ha acercado al conocimiento de otras culturas diferente a la m\u00eda.<\/em><\/p>\n<p><em>Dejando a un lado la parte m\u00e1s emocional, desear\u00eda hacer referencia a las din\u00e1micas propuestas, pues han sido de lo m\u00e1s enriquecedoras, aunque el tiempo era muy marcado, he disfrutado de cada una de ellas y he aprendido t\u00e9cnicas que no conoc\u00eda previamente como el body painting o incluso conocimientos de fotograf\u00eda.<\/em><\/p>\n<p><em>La interacci\u00f3n en la calle tambi\u00e9n fue algo a destacar, pues se generaba una cohesi\u00f3n grupal y din\u00e1micas que hac\u00edan del entorno un ambiente c\u00f3modo y distendido.\u00a0<\/em><\/p>\n<p><em>No podr\u00eda finalizar este escrito sin dar las gracias a los organizadores del proyecto, ya que diariamente nos ten\u00edan en cuenta, pregunt\u00e1ndonos como nos hab\u00edamos sentido y si nos hab\u00edan gustado las din\u00e1micas del d\u00eda, as\u00ed como posibles sugerencias para poder mejorar.<\/em><\/p>\n<p><strong>Marta Jim\u00e9nez<\/strong><\/p>\n<p><em>Para mi esta experiencia es inolvidable una manera d\u00e9 conectar con otras personas, una forma de aprender ingl\u00e9s y expresar tus emociones e ideas y a conocerte a ti mismo un poquito m\u00e1s.<\/em><\/p>\n<p><strong>Pablo Garc\u00eda<\/strong><\/p>\n<p><em>Una semana inolvidable, tanto por la gente como por las actividades: bodypainting, silencio en la naturaleza, pintura y m\u00fasica para expresar lo que soy&#8230; Una semana en la que he aprendido que yo tambi\u00e9n puedo ser creativa, y que es maravilloso mostrar cari\u00f1o a los dem\u00e1s con los abrazos.<\/em><\/p>\n<p><em>\u00a0Y una palabra para resumirlo todo: \u00a1<strong><u>ENERG\u00cdA!<\/u><\/strong><\/em><\/p>\n<p><strong>Esperanza Sancho<\/strong><\/p>\n<p><img loading=\"lazy\" decoding=\"async\" class=\"alignnone wp-image-15354 size-full\" src=\"https:\/\/barakacirc.com\/wp-content\/uploads\/2016\/07\/Visual-heArts-para-m_-Alvaro_6.jpg\" alt=\"Visual-heArts-para-m_-Alvaro_6\" width=\"640\" height=\"480\" srcset=\"https:\/\/barakacirc.com\/wp-content\/uploads\/2016\/07\/Visual-heArts-para-m_-Alvaro_6.jpg 640w, https:\/\/barakacirc.com\/wp-content\/uploads\/2016\/07\/Visual-heArts-para-m_-Alvaro_6-300x225.jpg 300w\" sizes=\"auto, (max-width: 640px) 100vw, 640px\" \/><\/p>\n","protected":false},"excerpt":{"rendered":"<p>Entre los d\u00edas 14 y 22 de marzo se desarroll\u00f3 en Vinkovci, Croacia, el Youth Exchange Visual heArts. En \u00e9l se desarroll\u00f3 el autoconocimiento y crecimiento personal a trav\u00e9s de diferentes expresiones art\u00edsticas y din\u00e1micas basadas en la educaci\u00f3n no formal. A continuaci\u00f3n unos breves testimonios del grupo espa\u00f1ol: El proyecto Visual heArts para m\u00ed&hellip;<\/p>\n","protected":false},"author":3,"featured_media":15356,"comment_status":"open","ping_status":"open","sticky":false,"template":"","format":"standard","meta":{"footnotes":""},"categories":[31],"tags":[],"class_list":["post-15353","post","type-post","status-publish","format-standard","has-post-thumbnail","hentry","category-proyectos","category-31","description-off"],"aioseo_notices":[],"_links":{"self":[{"href":"https:\/\/barakacirc.com\/es\/wp-json\/wp\/v2\/posts\/15353","targetHints":{"allow":["GET"]}}],"collection":[{"href":"https:\/\/barakacirc.com\/es\/wp-json\/wp\/v2\/posts"}],"about":[{"href":"https:\/\/barakacirc.com\/es\/wp-json\/wp\/v2\/types\/post"}],"author":[{"embeddable":true,"href":"https:\/\/barakacirc.com\/es\/wp-json\/wp\/v2\/users\/3"}],"replies":[{"embeddable":true,"href":"https:\/\/barakacirc.com\/es\/wp-json\/wp\/v2\/comments?post=15353"}],"version-history":[{"count":2,"href":"https:\/\/barakacirc.com\/es\/wp-json\/wp\/v2\/posts\/15353\/revisions"}],"predecessor-version":[{"id":15361,"href":"https:\/\/barakacirc.com\/es\/wp-json\/wp\/v2\/posts\/15353\/revisions\/15361"}],"wp:featuredmedia":[{"embeddable":true,"href":"https:\/\/barakacirc.com\/es\/wp-json\/wp\/v2\/media\/15356"}],"wp:attachment":[{"href":"https:\/\/barakacirc.com\/es\/wp-json\/wp\/v2\/media?parent=15353"}],"wp:term":[{"taxonomy":"category","embeddable":true,"href":"https:\/\/barakacirc.com\/es\/wp-json\/wp\/v2\/categories?post=15353"},{"taxonomy":"post_tag","embeddable":true,"href":"https:\/\/barakacirc.com\/es\/wp-json\/wp\/v2\/tags?post=15353"}],"curies":[{"name":"wp","href":"https:\/\/api.w.org\/{rel}","templated":true}]}}